{"id":9920,"date":"2019-02-26T18:27:37","date_gmt":"2019-02-26T16:27:37","guid":{"rendered":"https:\/\/winheller.com\/blog\/?p=9920"},"modified":"2022-08-08T12:13:23","modified_gmt":"2022-08-08T10:13:23","slug":"attac-entzug-gemeinnuetzigkeit-bfh","status":"publish","type":"post","link":"https:\/\/winheller.com\/blog\/attac-entzug-gemeinnuetzigkeit-bfh\/","title":{"rendered":"Attac vor Entzug der Gemeinn\u00fctzigkeit: BFH schr\u00e4nkt politische Meinungsbildung durch NPOs ein"},"content":{"rendered":"<div id=\"attachment_9923\" style=\"width: 310px\" class=\"wp-caption alignright\"><a href=\"https:\/\/winheller.com\/blog\/wp-content\/uploads\/2019\/02\/attac-bfh-gemeinnuetzigkeit.jpg\"><img loading=\"lazy\" decoding=\"async\" aria-describedby=\"caption-attachment-9923\" class=\"size-full wp-image-9923\" src=\"https:\/\/winheller.com\/blog\/wp-content\/uploads\/2019\/02\/attac-bfh-gemeinnuetzigkeit.jpg\" alt=\"Mikrofon auf B\u00fchne\" width=\"300\" height=\"200\"><\/a><p id=\"caption-attachment-9923\" class=\"wp-caption-text\">Das BFH-Urteil hat weitreichende Folgen f\u00fcr viele NPOs.<\/p><\/div>\n<p>Schon seit 2014 <a href=\"https:\/\/winheller.com\/blog\/zu-politisch-finanzamt-entzieht-attac-die-gemeinnuetzigkeit\/\"><strong>besch\u00e4ftigt sich das Frankfurter Finanzamt<\/strong><\/a> mit der Steuerbeg\u00fcnstigung des Vereins Attac. Am 10.11.2016 hatte das Hessische Finanzgericht (FG) noch zugunsten des Vereins entschieden. Der Bundesfinanzhof (BFH) hat dieses Urteil nun aufgehoben und seine Entscheidung bekannt gegeben, wonach die Einflussnahme auf die politische Willensbildung und Gestaltung der \u00f6ffentlichen Meinung keinen gemeinn\u00fctzigen Zweck erf\u00fclle. Attac droht damit endg\u00fcltig der <a href=\"https:\/\/www.winheller.com\/gemeinnuetzigkeitsrecht\/aberkennung-gemeinnuetzigkeit.html\" target=\"_blank\" rel=\"noopener\"><strong>Entzug der Gemeinn\u00fctzigkeit<\/strong><\/a>.<\/p>\n<h3>Weitreichende Auswirkungen f\u00fcr NPOs<\/h3>\n<p>Der BFH zieht die Grenze damit deutlich enger als bisher. Vor einer endg\u00fcltigen Entscheidung \u00fcber die Gemeinn\u00fctzigkeit von Attac muss das FG allerdings noch einmal den Sachverhalt nachermitteln und kl\u00e4ren, ob die beanstandeten Aktivit\u00e4ten tats\u00e4chlich Attac selbst oder Aktivisten im Umfeld des Vereins zuzuordnen sind.<\/p>\n<p>Die Entscheidung des BFH hat dennoch schon jetzt weitreichende Auswirkungen: In dieser Allgemeinheit w\u00e4ren eine Vielzahl von Organisationen (unabh\u00e4ngig vom Inhalt ihrer Forderungen \u2013 wie der BFH betont) vom Verlust der Gemeinn\u00fctzigkeit bedroht.<\/p>\n<h3>Politisches Wirken im Zusammenhang mit gemeinn\u00fctzigen Zwecken zul\u00e4ssig<\/h3>\n<p>Die Entscheidung ist allerdings mitnichten so zu bewerten, dass eine rechtssichere Beteiligung am politischen Diskurs nur noch als Partei m\u00f6glich ist. Bei vielen Akteuren d\u00fcrfte sich die politische Bet\u00e4tigung hinreichend mit den eigenen Satzungszwecken verkn\u00fcpfen lassen. Insbesondere schr\u00e4nkt der BFH den Umfang der politischen Bet\u00e4tigung im Zusammenhang mit gemeinn\u00fctzigen Zwecken nicht ein.<\/p>\n<p>Entscheidend ist, ob die politischen Aktivit\u00e4ten zur Verwirklichung eines gemeinn\u00fctzigen Zwecks dienen oder nicht. Der BFH hat insoweit zwar ausgeschlossen, dass eine allgemeine politische Bet\u00e4tigung etwa der Volksbildung dient. Betroffene Organisationen sind trotzdem nicht unbedingt wehrlos: Solange sie einen konkreten gemeinn\u00fctzigen Satzungszweck verfolgen, k\u00f6nnen sie darlegen, dass sie die nun vom BFH gezogenen Grenzen im konkreten Einzelfall nicht \u00fcberschreiten.<\/p>\n<h3>Video: Wie viel politische Bet\u00e4tigung ist erlaubt?<\/h3>\n<p><iframe loading=\"lazy\" title=\"Politische Bet\u00e4tigung und Gemeinn\u00fctzigkeit\" width=\"628\" height=\"353\" src=\"https:\/\/www.youtube.com\/embed\/NB4iXlU8ZCY?feature=oembed\" frameborder=\"0\" allow=\"accelerometer; autoplay; clipboard-write; encrypted-media; gyroscope; picture-in-picture; web-share\" referrerpolicy=\"strict-origin-when-cross-origin\" allowfullscreen><\/iframe><\/p>\n<h3>Gesetzgeber m\u00fcsste allgemeinpolitische Aktivit\u00e4ten zulassen<\/h3>\n<p>Politisch ist das Urteil dennoch ein schwerer Schlag ins Kontor der Zivilgesellschaft: Aufgrund der Grenzziehung des BFH existiert nun eine steuerlich nicht gef\u00f6rderte L\u00fccke zwischen zweckspezifischen politischen Aktivit\u00e4ten und der politischen Arbeit von Parteien. Die Entscheidung ist insoweit durchaus kritisch zu sehen, denn durch die Abgrenzung zwischen Parteien und gemeinn\u00fctzigen Organisationen soll lediglich eine doppelte steuerliche Privilegierung von Parteipolitik <strong><a href=\"https:\/\/winheller.com\/blog\/umweltschutz-politisch\/\">verhindert werden<\/a><\/strong>.<\/p>\n<p>Ob eine solche vorliegt, wenn keine Ambitionen zur Wahl in Parlamente verfolgt werden, ist zweifelhaft. Aus diesem Grund ist die Forderung laut geworden, der Gesetzgeber m\u00fcsse Konsequenzen aus dem Attac-Urteil ziehen und sich klar positionieren, ob Organisationen wie Attac steuerlich beg\u00fcnstigt an der politischen Meinungsbildung teilnehmen k\u00f6nnen. Der BFH jedenfalls hat die Chance vertan, mit etwas Augenma\u00df bereits das geltende Recht zugunsten politischer Aktivisten auszulegen.<\/p>\n<h3>NPOs sollten ihre Aktivit\u00e4ten \u00fcberpr\u00fcfen<\/h3>\n<p>Allen Organisationen, die an der politischen Willensbildung mitwirken, ist aktuell dringend zu raten, die eigenen Aktivit\u00e4ten auf ihre Vereinbarkeit mit den Grenzen der BFH-Entscheidung zu \u00fcberpr\u00fcfen und ggf. gegenzusteuern. Unsere auf Gemeinn\u00fctzigkeitsrecht spezialisierten Anw\u00e4lte beraten Sie hierzu gerne. Wir freuen uns auf <strong><a href=\"https:\/\/www.winheller.com\/kontaktanfahrt.html\">Ihre Kontaktaufnahme!<\/a><\/strong><\/p>\n<p>Weiterlesen:<br \/>\n<a href=\"https:\/\/winheller.com\/blog\/bundesfinanzhof-entscheidet-ueber-attac\/\"><strong>Jetzt entscheidet der Bundesfinanzhof \u00fcber Attac<\/strong><\/a><br \/>\n<a href=\"https:\/\/www.winheller.com\/gemeinnuetzigkeitsrecht\/aberkennung-gemeinnuetzigkeit.html\" target=\"_blank\" rel=\"noopener\"><strong>Alles rund um die Aberkennung der Gemeinn\u00fctzigkeit<\/strong><\/a><\/p>\n","protected":false},"excerpt":{"rendered":"<p>Schon seit 2014 besch\u00e4ftigt sich das Frankfurter Finanzamt mit der Steuerbeg\u00fcnstigung des Vereins Attac. Am 10.11.2016 hatte das Hessische Finanzgericht (FG) noch zugunsten des Vereins entschieden. Der Bundesfinanzhof (BFH) hat dieses Urteil nun aufgehoben und seine Entscheidung bekannt gegeben, wonach die [&hellip;]<\/p>\n","protected":false},"author":3,"featured_media":16599,"comment_status":"open","ping_status":"open","sticky":false,"template":"","format":"standard","meta":{"_acf_changed":false,"om_disable_all_campaigns":false,"_monsterinsights_skip_tracking":false,"_monsterinsights_sitenote_active":false,"_monsterinsights_sitenote_note":"","_monsterinsights_sitenote_category":0,"footnotes":""},"categories":[1900,1749,2359],"tags":[],"class_list":["post-9920","post","type-post","status-publish","format-standard","has-post-thumbnail","hentry","category-aberkennung-gemeinnuetzigkeit","category-gemeinnuetzige-zwecke-gemeinnutzigkeitsrecht","category-politische-aktivitaeten"],"acf":[],"aioseo_notices":[],"_links":{"self":[{"href":"https:\/\/winheller.com\/blog\/wp-json\/wp\/v2\/posts\/9920","targetHints":{"allow":["GET"]}}],"collection":[{"href":"https:\/\/winheller.com\/blog\/wp-json\/wp\/v2\/posts"}],"about":[{"href":"https:\/\/winheller.com\/blog\/wp-json\/wp\/v2\/types\/post"}],"author":[{"embeddable":true,"href":"https:\/\/winheller.com\/blog\/wp-json\/wp\/v2\/users\/3"}],"replies":[{"embeddable":true,"href":"https:\/\/winheller.com\/blog\/wp-json\/wp\/v2\/comments?post=9920"}],"version-history":[{"count":11,"href":"https:\/\/winheller.com\/blog\/wp-json\/wp\/v2\/posts\/9920\/revisions"}],"predecessor-version":[{"id":16886,"href":"https:\/\/winheller.com\/blog\/wp-json\/wp\/v2\/posts\/9920\/revisions\/16886"}],"wp:featuredmedia":[{"embeddable":true,"href":"https:\/\/winheller.com\/blog\/wp-json\/wp\/v2\/media\/16599"}],"wp:attachment":[{"href":"https:\/\/winheller.com\/blog\/wp-json\/wp\/v2\/media?parent=9920"}],"wp:term":[{"taxonomy":"category","embeddable":true,"href":"https:\/\/winheller.com\/blog\/wp-json\/wp\/v2\/categories?post=9920"},{"taxonomy":"post_tag","embeddable":true,"href":"https:\/\/winheller.com\/blog\/wp-json\/wp\/v2\/tags?post=9920"}],"curies":[{"name":"wp","href":"https:\/\/api.w.org\/{rel}","templated":true}]}}