{"id":9385,"date":"2018-10-15T15:20:33","date_gmt":"2018-10-15T13:20:33","guid":{"rendered":"https:\/\/winheller.com\/blog\/?p=9385"},"modified":"2023-05-30T16:28:15","modified_gmt":"2023-05-30T14:28:15","slug":"datenschutzverstoesse-aufsichtsbehoerden-machen-ernst","status":"publish","type":"post","link":"https:\/\/winheller.com\/blog\/datenschutzverstoesse-aufsichtsbehoerden-machen-ernst\/","title":{"rendered":"Datenschutzverst\u00f6\u00dfe: Aufsichtsbeh\u00f6rden machen Ernst"},"content":{"rendered":"<h2>Ende der Schonfrist f\u00fcr Verst\u00f6\u00dfe im Datenschutz<\/h2>\n<div id=\"attachment_9388\" style=\"width: 310px\" class=\"wp-caption alignright\"><a href=\"https:\/\/winheller.com\/blog\/wp-content\/uploads\/2018\/10\/datenschutzverstoss-keine-schonfrist.jpg\"><img loading=\"lazy\" decoding=\"async\" aria-describedby=\"caption-attachment-9388\" class=\"wp-image-9388 size-full\" src=\"https:\/\/winheller.com\/blog\/wp-content\/uploads\/2018\/10\/datenschutzverstoss-keine-schonfrist.jpg\" alt=\"Keine Schonfrist mehr bei Datenschutzverst\u00f6\u00dfen\" width=\"300\" height=\"200\"><\/a><p id=\"caption-attachment-9388\" class=\"wp-caption-text\">Keine Schonfrist mehr bei Datenschutzverst\u00f6\u00dfen<\/p><\/div>\n<p>Gut vier Monate nach Geltungsbeginn der europ\u00e4ischen Datenschutz-Grundverordnung (DSGVO) k\u00fcndigt der europ\u00e4ische Datenschutzbeauftragte Giovanni Buttarelli den erwarteten Kurswechsel der Aufsichtsbeh\u00f6rden im Umgang mit Datenschutzverst\u00f6\u00dfen durch europ\u00e4ische Unternehmen an.<\/p>\n<p>W\u00e4hrend die Aufsichtsbeh\u00f6rden bislang kaum \u2013 und wenn, eher beratend \u2013 in Erscheinung getreten sind, sollen laut Buttarelli <strong>noch vor Jahresende<\/strong> Unternehmen und Organisationen sanktioniert werden, welche die Regelungen der DSGVO nicht hinreichend umgesetzt haben. Der Sanktionsapparat reicht von letzten Ultimaten bis hin zu Geldbu\u00dfen in H\u00f6he von 20 Millionen Euro und mehr. Auch Gesch\u00e4ftsverbote stehen als letztes Mittel zur Verf\u00fcgung.<\/p>\n<h2>Aufsichtsbeh\u00f6rden personell neu aufgestellt<\/h2>\n<p>Das best\u00e4tigt die Vermutung von Datenschutzexperten, wonach die Passivit\u00e4t der Aufsichtsbeh\u00f6rden in den letzten Monaten auch der personellen und organisatorischen Neuaufstellung geschuldet ist, es sich aber auch um die tr\u00fcgerische Ruhe vor dem Sturm handeln d\u00fcrfte.<\/p>\n<p>An Dringlichkeit d\u00fcrfte eine konsistente <a href=\"https:\/\/www.winheller.com\/wirtschaftsrecht\/datenschutzrecht.html\"><strong>Datenschutzorganisation<\/strong><\/a> in Unternehmen und gemeinn\u00fctzigen Organisationen jedenfalls keinesfalls verloren haben. Verantwortliche sollten das zum Anlass nehmen, zu evaluieren, ob und inwieweit der Datenschutz im Tagesgesch\u00e4ft ausreichend sichergestellt ist und vor allem, dass die Umsetzungen ausf\u00fchrlich dokumentiert sind, um gegen\u00fcber den Beh\u00f6rden den Nachweis rechtm\u00e4\u00dfiger Datenverarbeitungen proaktiv erbringen zu k\u00f6nnen.<\/p>\n<p>Gern sind Ihnen unsere <a href=\"https:\/\/www.winheller.com\/wirtschaftsrecht\/datenschutzrecht.html\"><strong>Experten f\u00fcr Datenschutzrecht<\/strong><\/a> dabei behilflich. Z\u00f6gern Sie nicht, mit Ihren Fragen auf uns zuzukommen.<\/p>\n<p>Weiterlesen:<br \/>\n<a href=\"https:\/\/winheller.com\/blog\/aufsichtsbehoerde-prueft-unternehmen-dsgvo\/\"><strong>Erste Aufsichtsbeh\u00f6rde pr\u00fcft Unternehmen auf Umsetzung der DSGVO<\/strong><\/a><br \/>\n<a href=\"https:\/\/www.winheller.com\/wirtschaftsrecht\/datenschutzrecht\/datenschutzbeauftragter.html\"><strong>Datenschutzbeauftragter: Aufgaben, Rechte und Pflichten<\/strong><\/a><\/p>\n","protected":false},"excerpt":{"rendered":"<p>Ende der Schonfrist f\u00fcr Verst\u00f6\u00dfe im Datenschutz Gut vier Monate nach Geltungsbeginn der europ\u00e4ischen Datenschutz-Grundverordnung (DSGVO) k\u00fcndigt der europ\u00e4ische Datenschutzbeauftragte Giovanni Buttarelli den erwarteten Kurswechsel der Aufsichtsbeh\u00f6rden im Umgang mit Datenschutzverst\u00f6\u00dfen durch europ\u00e4ische Unternehmen an. W\u00e4hrend die Aufsichtsbeh\u00f6rden bislang kaum \u2013 [&hellip;]<\/p>\n","protected":false},"author":3,"featured_media":0,"comment_status":"open","ping_status":"open","sticky":false,"template":"","format":"standard","meta":{"_acf_changed":false,"om_disable_all_campaigns":false,"_monsterinsights_skip_tracking":false,"_monsterinsights_sitenote_active":false,"_monsterinsights_sitenote_note":"","_monsterinsights_sitenote_category":0,"footnotes":""},"categories":[41],"tags":[2812,2353],"class_list":["post-9385","post","type-post","status-publish","format-standard","hentry","category-datenschutz","tag-datenverarbeitung","tag-dsgvo"],"acf":[],"aioseo_notices":[],"_links":{"self":[{"href":"https:\/\/winheller.com\/blog\/wp-json\/wp\/v2\/posts\/9385","targetHints":{"allow":["GET"]}}],"collection":[{"href":"https:\/\/winheller.com\/blog\/wp-json\/wp\/v2\/posts"}],"about":[{"href":"https:\/\/winheller.com\/blog\/wp-json\/wp\/v2\/types\/post"}],"author":[{"embeddable":true,"href":"https:\/\/winheller.com\/blog\/wp-json\/wp\/v2\/users\/3"}],"replies":[{"embeddable":true,"href":"https:\/\/winheller.com\/blog\/wp-json\/wp\/v2\/comments?post=9385"}],"version-history":[{"count":4,"href":"https:\/\/winheller.com\/blog\/wp-json\/wp\/v2\/posts\/9385\/revisions"}],"predecessor-version":[{"id":18625,"href":"https:\/\/winheller.com\/blog\/wp-json\/wp\/v2\/posts\/9385\/revisions\/18625"}],"wp:attachment":[{"href":"https:\/\/winheller.com\/blog\/wp-json\/wp\/v2\/media?parent=9385"}],"wp:term":[{"taxonomy":"category","embeddable":true,"href":"https:\/\/winheller.com\/blog\/wp-json\/wp\/v2\/categories?post=9385"},{"taxonomy":"post_tag","embeddable":true,"href":"https:\/\/winheller.com\/blog\/wp-json\/wp\/v2\/tags?post=9385"}],"curies":[{"name":"wp","href":"https:\/\/api.w.org\/{rel}","templated":true}]}}