{"id":18714,"date":"2023-06-22T15:38:00","date_gmt":"2023-06-22T13:38:00","guid":{"rendered":"https:\/\/winheller.com\/blog\/?p=18714"},"modified":"2024-05-31T16:43:31","modified_gmt":"2024-05-31T14:43:31","slug":"fristverlangerung-corona-schlussabrechnungen-2023","status":"publish","type":"post","link":"https:\/\/winheller.com\/blog\/fristverlangerung-corona-schlussabrechnungen-2023\/","title":{"rendered":"Fristverl\u00e4ngerung: Corona-Schlussabrechnungen bis 31.08.2023"},"content":{"rendered":"<div class=\"wp-block-image is-style-rounded\">\n<figure class=\"alignright size-full\"><img loading=\"lazy\" decoding=\"async\" width=\"400\" height=\"270\" src=\"https:\/\/winheller.com\/blog\/wp-content\/uploads\/2023\/06\/corona-fristverlaengerung.webp\" alt=\"Corona-Schlussabrechnungen bis 31.08.2023\" class=\"wp-image-18717\" srcset=\"https:\/\/winheller.com\/blog\/wp-content\/uploads\/2023\/06\/corona-fristverlaengerung.webp 400w, https:\/\/winheller.com\/blog\/wp-content\/uploads\/2023\/06\/corona-fristverlaengerung-300x203.webp 300w\" sizes=\"auto, (max-width: 400px) 100vw, 400px\" \/><\/figure>\n<\/div>\n\n\n<h3 class=\"wp-block-heading\"><strong>BMWK reagiert auf hohe Antragszahl<\/strong><\/h3>\n\n\n\n<p>Die Frist zur Einreichung der <strong>Schlussabrechnungen <\/strong>der Corona-Wirtschaftshilfen durch die pr\u00fcfenden Dritten wurde heute vom Bundesministerium f\u00fcr Wirtschaft und Klimaschutz (BMWK) <strong>verl\u00e4ngert<\/strong>. Aufgrund des erh\u00f6hten Antragsaufkommens haben Betroffene nun Zeit bis zum <strong>31.8.2023<\/strong>.<\/p>\n\n\n\n<h3 class=\"wp-block-heading\"><strong>Nachfrist sogar bis 31.12.2023<\/strong><\/h3>\n\n\n\n<p>Manchmal ist im Einzelfall eine Verl\u00e4ngerung f\u00fcr die Einreichung der Schlussabrechnung erforderlich. Bis zum 31.8.2023 kann daher ebenfalls im digitalen Antragsportal eine <strong>Nachfrist <\/strong>bis <strong>31.12.2023<\/strong> beantragt werden.<\/p>\n\n\n\n<p>Die verl\u00e4ngerten Einreichungsfristen gelten f\u00fcr das Paket 1 (\u00dcberbr\u00fcckungshilfe I-III sowie November- und Dezemberhilfe) als auch f\u00fcr das Paket 2 (\u00dcberbr\u00fcckungshilfe III Plus und IV).<\/p>\n\n\n\n<p>F\u00fcr Fragen zur Abrechnung von <strong>Coronahilfen<\/strong>, <strong>Teilbewilligungsbescheiden <\/strong>und <strong>Ablehnungsbescheiden <\/strong>stehen Ihnen unsere Experten jederzeit zur Verf\u00fcgung. Kommen Sie gern <strong><a href=\"https:\/\/www.winheller.com\/kontaktanfahrt.html\" target=\"_blank\" rel=\"noopener\" title=\"mit Ihren Fragen aus uns zu\">mit Ihren Fragen aus uns zu<\/a><\/strong>!<\/p>\n\n\n\n<p><strong>Weiterlesen<\/strong>:<br><a href=\"https:\/\/winheller.com\/blog\/nutzung-corona-steuererleichterungen-strafbar\/\" target=\"_blank\" rel=\"noopener\" title=\"Nutzung von Corona-Steuererleichterungen kann strafbar sein\">Nutzung von Corona-Steuererleichterungen kann strafbar sein<\/a><br><a href=\"https:\/\/winheller.com\/blog\/corona-soforthilfen-rueckforderungsbescheid-nrw-rechtswidrig\/\" target=\"_blank\" rel=\"noopener\" title=\"Corona-Soforthilfen: R\u00fcckforderungsbescheide des Landes NRW rechtswidrig\">Corona-Soforthilfen: R\u00fcckforderungsbescheide des Landes NRW rechtswidrig<\/a><\/p>\n\n\n\n<p><\/p>\n","protected":false},"excerpt":{"rendered":"<p>BMWK reagiert auf hohe Antragszahl Die Frist zur Einreichung der Schlussabrechnungen der Corona-Wirtschaftshilfen durch die pr\u00fcfenden Dritten wurde heute vom Bundesministerium f\u00fcr Wirtschaft und Klimaschutz (BMWK) verl\u00e4ngert. Aufgrund des erh\u00f6hten Antragsaufkommens haben Betroffene nun Zeit bis zum 31.8.2023. Nachfrist sogar bis [&hellip;]<\/p>\n","protected":false},"author":3,"featured_media":18718,"comment_status":"open","ping_status":"open","sticky":false,"template":"","format":"standard","meta":{"_acf_changed":false,"om_disable_all_campaigns":false,"_monsterinsights_skip_tracking":false,"_monsterinsights_sitenote_active":false,"_monsterinsights_sitenote_note":"","_monsterinsights_sitenote_category":0,"footnotes":""},"categories":[15,8],"tags":[],"class_list":["post-18714","post","type-post","status-publish","format-standard","has-post-thumbnail","hentry","category-steuerrecht","category-steuerstrafrecht"],"acf":[],"aioseo_notices":[],"_links":{"self":[{"href":"https:\/\/winheller.com\/blog\/wp-json\/wp\/v2\/posts\/18714","targetHints":{"allow":["GET"]}}],"collection":[{"href":"https:\/\/winheller.com\/blog\/wp-json\/wp\/v2\/posts"}],"about":[{"href":"https:\/\/winheller.com\/blog\/wp-json\/wp\/v2\/types\/post"}],"author":[{"embeddable":true,"href":"https:\/\/winheller.com\/blog\/wp-json\/wp\/v2\/users\/3"}],"replies":[{"embeddable":true,"href":"https:\/\/winheller.com\/blog\/wp-json\/wp\/v2\/comments?post=18714"}],"version-history":[{"count":4,"href":"https:\/\/winheller.com\/blog\/wp-json\/wp\/v2\/posts\/18714\/revisions"}],"predecessor-version":[{"id":18720,"href":"https:\/\/winheller.com\/blog\/wp-json\/wp\/v2\/posts\/18714\/revisions\/18720"}],"wp:featuredmedia":[{"embeddable":true,"href":"https:\/\/winheller.com\/blog\/wp-json\/wp\/v2\/media\/18718"}],"wp:attachment":[{"href":"https:\/\/winheller.com\/blog\/wp-json\/wp\/v2\/media?parent=18714"}],"wp:term":[{"taxonomy":"category","embeddable":true,"href":"https:\/\/winheller.com\/blog\/wp-json\/wp\/v2\/categories?post=18714"},{"taxonomy":"post_tag","embeddable":true,"href":"https:\/\/winheller.com\/blog\/wp-json\/wp\/v2\/tags?post=18714"}],"curies":[{"name":"wp","href":"https:\/\/api.w.org\/{rel}","templated":true}]}}