{"id":17445,"date":"2022-11-18T15:30:52","date_gmt":"2022-11-18T13:30:52","guid":{"rendered":"https:\/\/winheller.com\/blog\/?p=17445"},"modified":"2023-06-07T15:25:12","modified_gmt":"2023-06-07T13:25:12","slug":"inflationspraemie-3000-euro-arbeitnehmer","status":"publish","type":"post","link":"https:\/\/winheller.com\/blog\/inflationspraemie-3000-euro-arbeitnehmer\/","title":{"rendered":"Inflationspr\u00e4mie: Zahlungen von bis zu 3.000 Euro an Arbeitnehmer steuerfrei m\u00f6glich"},"content":{"rendered":"<div class=\"wp-block-image is-style-rounded\">\n<figure class=\"alignright size-full\"><a href=\"https:\/\/winheller.com\/blog\/wp-content\/uploads\/2022\/11\/winheller-inflationspraemie-2022.jpg\"><img loading=\"lazy\" decoding=\"async\" width=\"400\" height=\"299\" src=\"https:\/\/winheller.com\/blog\/wp-content\/uploads\/2022\/11\/winheller-inflationspraemie-2022.jpg\" alt=\"Inflationspr\u00e4mie f\u00fcr Arbeitnehmer 2022\" class=\"wp-image-17449\" srcset=\"https:\/\/winheller.com\/blog\/wp-content\/uploads\/2022\/11\/winheller-inflationspraemie-2022.jpg 400w, https:\/\/winheller.com\/blog\/wp-content\/uploads\/2022\/11\/winheller-inflationspraemie-2022-300x224.jpg 300w\" sizes=\"auto, (max-width: 400px) 100vw, 400px\" \/><\/a><\/figure>\n<\/div>\n\n\n<p>Die steigenden Preise f\u00fcr Gas und Lebensmittel sind f\u00fcr die Bev\u00f6lkerung sp\u00fcrbar. Um die Belastungen aufgrund der momentan hohen Inflation einzud\u00e4mmen, hat die Bundesregierung eine sogenannte <strong>Inflationsausgleichspr\u00e4mie <\/strong>in die Wege geleitet. Diese ist Teil des dritten Entlastungspakets der Bundesregierung. Alles, was Sie dazu wissen m\u00fcssen, erfahren Sie in diesem Blogtext.<\/p>\n\n\n\n<p><strong>F\u00fcnf Eckpunkte zur Pr\u00e4mie<\/strong><\/p>\n\n\n\n<ul class=\"wp-block-list\"><li>Die Pr\u00e4mie sieht vor, dass Arbeitgeberinnen und Arbeitgeber ihren Besch\u00e4ftigten einen Betrag von bis zu 3.000 Euro steuer- und abgabenfrei auszahlen k\u00f6nnen.<\/li><\/ul>\n\n\n\n<ul class=\"wp-block-list\"><li>Hierbei ist der Beg\u00fcnstigungszeitraum vom 26.10.2022 bis zum 31.12.2024 zeitlich befristet.<\/li><\/ul>\n\n\n\n<ul class=\"wp-block-list\"><li>Dieser steuerliche Freibetrag von insgesamt 3.000 Euro kann in mehreren einzelnen Teilbetr\u00e4gen \u00fcber einen l\u00e4ngeren Zeitraum innerhalb der Frist ausgezahlt werden.<\/li><\/ul>\n\n\n\n<ul class=\"wp-block-list\"><li>Es muss sich bei der Zahlung zwingend um eine zus\u00e4tzliche Leistung zum \u00fcblichen Lohn handeln. Auf keinen Fall darf also der Arbeitslohn oder sonstige Sonderzahlungen (z.B. \u201e13. Gehalt\u201c) aufgrund der ausgezahlten Pr\u00e4mie gek\u00fcrzt bzw. ersetzt werden. Vielmehr muss die Leistung \u201eon top\u201c erfolgen.<\/li><\/ul>\n\n\n\n<ul class=\"wp-block-list\"><li>Nicht nur Vollzeitarbeitnehmer, sondern auch Teilzeitkr\u00e4fte, Minijobber, Werkstudenten, Auszubildende sowie kurzfristig Besch\u00e4ftigte k\u00f6nnen von der Leistung profitieren.<\/li><\/ul>\n\n\n\n<p><strong>Keine staatliche, sondern freiwillige Leistung des Arbeitgebers<\/strong><\/p>\n\n\n\n<p>Hierbei handelt es sich jedoch <strong>nicht um eine staatliche Leistung<\/strong>. Vielmehr ist es eine freiwillige Zahlung seitens des Arbeitgebers. Konkret bedeutet das, dass die Pr\u00e4mie keinesfalls an alle Arbeitnehmer ausgezahlt werden muss. Anspr\u00fcche des Arbeitnehmers auf Zahlung der Pr\u00e4mie gibt es deshalb grunds\u00e4tzlich nicht. Etwas anderes kann sich jedoch aus einer freiwilligen Zusage des Arbeitgebers oder aus etwaigen tarif- oder betrieblichen Vereinbarungen ergeben.<\/p>\n\n\n\n<p><strong>Vorteile f\u00fcr Arbeitnehmer und Arbeitgeber<\/strong><\/p>\n\n\n\n<p>Der Vorteil der Pr\u00e4mie f\u00fcr die Arbeitnehmer liegt auf der Hand. Diese d\u00fcrfen sich \u00fcber eine Geldzahlung freuen, die netto (komplett <strong>steuer- und abgabenfrei<\/strong>) auf ihrer Lohnabrechnung und dann auch auf ihrem Konto erscheint.<\/p>\n\n\n\n<p>Zwar muss der Arbeitgeber f\u00fcr die Pr\u00e4mie selbst finanziell aufkommen, jedoch kann die Zahlung das <strong>Arbeitsklima <\/strong>in der aktuellen Energiepreiskrise aufbessern und auch die Motivation der Mitarbeiter positiv beeinflussen. Daneben bringt eine solche Zahlung auch steuerliche Vorteile mit sich. Der Arbeitgeber hat n\u00e4mlich die M\u00f6glichkeit, diese als Betriebsausgabe geltend zu machen.<\/p>\n\n\n\n<p><strong>WINHELLER steht Ihnen zur Verf\u00fcgung<\/strong><\/p>\n\n\n\n<p>Haben Sie Fragen zur Inflationsausgleichspr\u00e4mie? Sie sind sich als Arbeitgeber unsicher, ob die Zahlung tats\u00e4chlich als \u201ezus\u00e4tzliche Leistung\u201c erfolgt? Sie ben\u00f6tigen in diesem Zusammenhang Hilfe mit Ihrer Steuererkl\u00e4rung? Kommen Sie gerne auf uns zu, unser erfahrenes Team aus Experten steht Ihnen <strong><a href=\"https:\/\/www.winheller.com\/kontaktanfahrt.html\" target=\"_blank\" rel=\"noopener\" title=\"mit Rat und Tat zur Seite\">mit Rat und Tat zur Seite<\/a><\/strong>.<\/p>\n\n\n\n<p>Weiterlesen:<br><strong><a href=\"https:\/\/winheller.com\/blog\/massnahmenpaket-3-privatpersonen-unternehmen\/\" target=\"_blank\" rel=\"noopener\" title=\"Ma\u00dfnahmenpaket III: Das k\u00f6nnen Privatpersonen und Unternehmen erwarten\">Ma\u00dfnahmenpaket III: Das k\u00f6nnen Privatpersonen und Unternehmen erwarten<\/a><\/strong><br><\/p>\n","protected":false},"excerpt":{"rendered":"<p>Die steigenden Preise f\u00fcr Gas und Lebensmittel sind f\u00fcr die Bev\u00f6lkerung sp\u00fcrbar. Um die Belastungen aufgrund der momentan hohen Inflation einzud\u00e4mmen, hat die Bundesregierung eine sogenannte Inflationsausgleichspr\u00e4mie in die Wege geleitet. Diese ist Teil des dritten Entlastungspakets der Bundesregierung. Alles, was [&hellip;]<\/p>\n","protected":false},"author":3,"featured_media":17453,"comment_status":"open","ping_status":"open","sticky":false,"template":"","format":"standard","meta":{"_acf_changed":false,"om_disable_all_campaigns":false,"_monsterinsights_skip_tracking":false,"_monsterinsights_sitenote_active":false,"_monsterinsights_sitenote_note":"","_monsterinsights_sitenote_category":0,"footnotes":""},"categories":[18,15],"tags":[],"class_list":["post-17445","post","type-post","status-publish","format-standard","has-post-thumbnail","hentry","category-arbeitsrecht","category-steuerrecht"],"acf":[],"aioseo_notices":[],"_links":{"self":[{"href":"https:\/\/winheller.com\/blog\/wp-json\/wp\/v2\/posts\/17445","targetHints":{"allow":["GET"]}}],"collection":[{"href":"https:\/\/winheller.com\/blog\/wp-json\/wp\/v2\/posts"}],"about":[{"href":"https:\/\/winheller.com\/blog\/wp-json\/wp\/v2\/types\/post"}],"author":[{"embeddable":true,"href":"https:\/\/winheller.com\/blog\/wp-json\/wp\/v2\/users\/3"}],"replies":[{"embeddable":true,"href":"https:\/\/winheller.com\/blog\/wp-json\/wp\/v2\/comments?post=17445"}],"version-history":[{"count":4,"href":"https:\/\/winheller.com\/blog\/wp-json\/wp\/v2\/posts\/17445\/revisions"}],"predecessor-version":[{"id":17457,"href":"https:\/\/winheller.com\/blog\/wp-json\/wp\/v2\/posts\/17445\/revisions\/17457"}],"wp:featuredmedia":[{"embeddable":true,"href":"https:\/\/winheller.com\/blog\/wp-json\/wp\/v2\/media\/17453"}],"wp:attachment":[{"href":"https:\/\/winheller.com\/blog\/wp-json\/wp\/v2\/media?parent=17445"}],"wp:term":[{"taxonomy":"category","embeddable":true,"href":"https:\/\/winheller.com\/blog\/wp-json\/wp\/v2\/categories?post=17445"},{"taxonomy":"post_tag","embeddable":true,"href":"https:\/\/winheller.com\/blog\/wp-json\/wp\/v2\/tags?post=17445"}],"curies":[{"name":"wp","href":"https:\/\/api.w.org\/{rel}","templated":true}]}}