{"id":12561,"date":"2020-08-26T12:53:29","date_gmt":"2020-08-26T10:53:29","guid":{"rendered":"https:\/\/winheller.com\/blog\/?p=12561"},"modified":"2020-10-30T12:40:40","modified_gmt":"2020-10-30T10:40:40","slug":"neues-corona-paket-ueberbrueckungshilfen-bis-ende-2020","status":"publish","type":"post","link":"https:\/\/winheller.com\/blog\/neues-corona-paket-ueberbrueckungshilfen-bis-ende-2020\/","title":{"rendered":"Neues Corona-Paket: \u00dcberbr\u00fcckungshilfen nun bis Ende 2020 m\u00f6glich"},"content":{"rendered":"<p><strong>Verl\u00e4ngerung und Erh\u00f6hung des Kurzarbeitergeldes, Neue \u00dcberbr\u00fcckungshilfe II, Verl\u00e4ngerung der Lockerungen zur Insolvenzantragspflicht, Kinderkrankengeld und Pflegeunterst\u00fctzungsgeld, Grundsicherung<\/strong><\/p>\n<h3>WINHELLER unterst\u00fctzt Sie in der Krise<\/h3>\n<p><img loading=\"lazy\" decoding=\"async\" class=\"alignright size-full wp-image-12219\" src=\"https:\/\/winheller.com\/blog\/wp-content\/uploads\/2020\/07\/ueberbruekungshilfe-beantragen.jpg\" alt=\"Jetzt mit WINHELLER \u00dcberbr\u00fcckungshilfe beantragen\" width=\"400\" height=\"229\" srcset=\"https:\/\/winheller.com\/blog\/wp-content\/uploads\/2020\/07\/ueberbruekungshilfe-beantragen.jpg 400w, https:\/\/winheller.com\/blog\/wp-content\/uploads\/2020\/07\/ueberbruekungshilfe-beantragen-300x172.jpg 300w\" sizes=\"auto, (max-width: 400px) 100vw, 400px\" \/><\/p>\n<p>Die Koalition hat in der Nacht zum 26.08.2020 ein umfangreiches <strong>Corona-Paket<\/strong> beschlossen, das betroffene Unternehmen in der Corona-Krise unterst\u00fctzen soll. Die einzelnen Ma\u00dfnahmen im \u00dcberblick:<\/p>\n<ul>\n<li>Das <a href=\"https:\/\/www.winheller.com\/wirtschaftsrecht\/arbeitsrecht\/voraussetzung-kurzarbeit-antrag-dauer.html\" target=\"_blank\" rel=\"noopener\"><strong>Kurzarbeitergeld<\/strong><\/a> wird auf 24 Monate verl\u00e4ngert.<\/li>\n<li>Die <a href=\"https:\/\/winheller.com\/blog\/corona-ueberbrueckungshilfe-beantragen\/\" target=\"_blank\" rel=\"noopener\"><strong>\u00dcberbr\u00fcckungshilfen<\/strong><\/a> f\u00fcr kleine und mittelst\u00e4ndische Betriebe werden bis Ende des Jahres 2020 verl\u00e4ngert.<\/li>\n<li>W\u00e4hrend der Kurzarbeit bekommen Arbeitgeber die pauschale <strong>Erstattung der Sozialversicherungsbeitr\u00e4ge<\/strong> bis Mitte 2021.<\/li>\n<li>Die bestehenden Lockerungen zur Pflicht, einen <strong>Insolvenzantrag im \u00dcberschuldungsfalle<\/strong> zu stellen, werden bis Ende 2020 verl\u00e4ngert.<\/li>\n<li>Gesetzlich Versicherte Eltern haben 2020 Anspruch auf jeweils <strong>f\u00fcnf Tage Kinderkrankengeld<\/strong> zur Betreuung ihrer Kinder. Bei Alleinerziehenden betr\u00e4gt der Anspruch zehn Tage.<\/li>\n<li>Zur aktiven Unterst\u00fctzung pflegebed\u00fcrftiger Angeh\u00f6riger k\u00f6nnen Betroffene bis zu 20 Tage von der Arbeit fernbleiben und f\u00fcr diese Zeit <strong>Pflegeunterst\u00fctzungsgeld<\/strong> beantragen.<\/li>\n<li><strong>K\u00fcnstler<\/strong> bekommen einen leichteren Zugang zur <strong>Grundsicherung<\/strong>, da das unsch\u00e4dliche Verm\u00f6gen erh\u00f6ht wird.<\/li>\n<\/ul>\n<h2>Was brauche ich f\u00fcr den neuen Antrag auf \u00dcberbr\u00fcckungshilfe II?<\/h2>\n<p>Folgende Unterlagen werden ben\u00f6tigt, um einen neuen Antrag erfolgreich zu stellen:<\/p>\n<ul>\n<li>Angaben zu den Ums\u00e4tzen 2019<\/li>\n<li>Umsatzsch\u00e4tzung f\u00fcr September, Oktober und November 2020<\/li>\n<li>Umsatzsteuervoranmeldungen (Protokolle 2019, 2020)<\/li>\n<li>BWA und weitere Unterlagen zu Fixkosten (Vertr\u00e4ge)<\/li>\n<\/ul>\n<h2>Wer kann \u00dcberbr\u00fcckungshilfe beantragen?<\/h2>\n<p>Beantragen d\u00fcrfen die \u00dcberbr\u00fcckungshilfe II<\/p>\n<ul>\n<li>kleine und mittelst\u00e4ndische Unternehmen und Organisationen aus allen Wirtschaftsbereichen, soweit sie sich nicht f\u00fcr den Wirtschaftsstabilisierungsfonds qualifizieren,<\/li>\n<li>Soloselbstst\u00e4ndige,<\/li>\n<li>selbstst\u00e4ndige Angeh\u00f6rige der Freien Berufe im Haupterwerb sowie<\/li>\n<li>gemeinn\u00fctzige Unternehmen und Organisationen, die dauerhaft wirtschaftlich am Markt t\u00e4tig sind.<\/li>\n<\/ul>\n<h2>Voraussetzungen f\u00fcr \u00dcberbr\u00fcckungshilfe<\/h2>\n<p>Voraussetzung ist eine vollst\u00e4ndige oder wesentliche <strong>Beeintr\u00e4chtigung der Gesch\u00e4ftst\u00e4tigkeit<\/strong> in Folge der Corona-Pandemie. Das wird von Amts wegen angenommen, wenn der Umsatz im Vorjahresvergleich zusammengenommen um mindestens 60 Prozent\u00a0eingebrochen ist.<\/p>\n<p>Der Antragsteller darf sich am 31. Dezember 2019 gem\u00e4\u00df EU-Definition nicht in Schwierigkeiten\u00a0befunden haben.<\/p>\n<h2>Muss ich die neue \u00dcberbr\u00fcckungshilfe II zur\u00fcckzahlen?<\/h2>\n<p>Die \u00dcberbr\u00fcckungshilfe ist ein Zuschussprogramm mit einer Laufzeit von drei Monaten und muss deshalb nicht zur\u00fcckgezahlt werden \u2013 es handelt sich um ein Geschenk vom Staat. Die F\u00f6rderung betrifft die Monate September, Oktober und November 2020. Die \u00dcberbr\u00fcckungshilfe gew\u00e4hrt in diesem Zeitraum einen nicht-r\u00fcckzahlbaren Zuschuss.<\/p>\n<h2>Wie viel \u00dcberbr\u00fcckungshilfe gibt es vom Staat?<\/h2>\n<p>Der nicht zur\u00fcck zu zahlende Zuschuss betr\u00e4gt:<\/p>\n<ul>\n<li>80 Prozent der Fixkosten bei mehr als 70 Prozent Umsatzeinbruch<\/li>\n<li>50 Prozent bei Einbruch zwischen 50 und 70 Prozent<\/li>\n<li>40 Prozent bei Einbruch zwischen 40 und unter 50 Prozent<\/li>\n<\/ul>\n<p>Liegt der Umsatz in einem F\u00f6rdermonat bei wenigstens 60 Prozent\u00a0des Umsatzes des Vorjahresmonats, entf\u00e4llt die\u00a0\u00dcberbr\u00fcckungshilfe anteilig f\u00fcr den jeweiligen F\u00f6rdermonat.<\/p>\n<ul>\n<li>Die maximale F\u00f6rderung betr\u00e4gt 150.000 Euro f\u00fcr drei Monate.<\/li>\n<li>Bei Unternehmen bis zu f\u00fcnf Besch\u00e4ftigten betr\u00e4gt der maximale Erstattungsbetrag 9.000 Euro f\u00fcr drei Monate.<\/li>\n<li>Bei Unternehmen bis zu zehn Besch\u00e4ftigten betr\u00e4gt der maximale Erstattungsbetrag 15.000 Euro f\u00fcr drei Monate.<\/li>\n<li>In begr\u00fcndeten Ausnahmef\u00e4llen \u2013 Kleinunternehmen mit sehr hohen Fixkosten \u2013 k\u00f6nnen diese H\u00f6chstbetr\u00e4ge \u00fcberschritten werden.<\/li>\n<\/ul>\n<h3>Welche Fixkosten sind f\u00f6rderf\u00e4hig?<\/h3>\n<ol>\n<li>Mieten und Pachten,<\/li>\n<li>Weitere Mietkosten,<\/li>\n<li>Zinsaufwendungen f\u00fcr Kredite und Darlehen,<\/li>\n<li>Finanzierungskostenanteil von Leasingraten,<\/li>\n<li>Ausgaben f\u00fcr notwendige Instandhaltung, Wartung oder Einlagerung von Anlageverm\u00f6gen und gemieteten Verm\u00f6gensgegenst\u00e4nden, einschlie\u00dflich der EDV,<\/li>\n<li>Ausgaben f\u00fcr Elektrizit\u00e4t, Wasser, Heizung, Reinigung und Hygienema\u00dfnahmen,<\/li>\n<li>Grundsteuern,<\/li>\n<li>Betriebliche Lizenzgeb\u00fchren,<\/li>\n<li>Versicherungen, Abonnements und andere feste Ausgaben,<\/li>\n<li>Kosten f\u00fcr den Steuerberater, Wirtschaftspr\u00fcfer oder vereidigten Buchpr\u00fcfer, die im Rahmen der Beantragung der Corona-\u00dcberbr\u00fcckungshilfe anfallen,<\/li>\n<li>Kosten f\u00fcr Auszubildende,<\/li>\n<li>Personalaufwendungen,<\/li>\n<li>Zur\u00fcckgezahlte bzw. ausgebliebene Provisionen oder Margen f\u00fcr Reiseveranstalter f\u00fcr bestimmte Pauschalreisen.<\/li>\n<\/ol>\n<p>Der Unternehmerlohn ist nicht f\u00f6rderf\u00e4hig und kann folge dessen nicht bezuschusst werden.<\/p>\n<h2>Wir beantragen f\u00fcr Sie \u00dcberbr\u00fcckungshilfen<\/h2>\n<p>Sie ben\u00f6tigen Rat zum neuen Corona-Paket? Sie m\u00f6chten ebenfalls von den staatlichen \u00dcberbr\u00fcckungshilfen profitieren? Gern stellen wir Ihren Antrag und liefern die ben\u00f6tigte Steuerberater-Best\u00e4tigung \u2013 und das zum fairen Pauschalpreis. Kommen Sie gern direkt unter <a href=\"mailto:info@winheller.com\" target=\"_blank\" rel=\"noopener\"><strong>info@winheller.com<\/strong><\/a> auf uns zu.<\/p>\n<p>Weiterlesen:<br \/>\n<a href=\"https:\/\/winheller.com\/blog\/urlaub-coronakrise-arbeitgeber-wissen\/\" target=\"_blank\" rel=\"noopener\"><strong>Urlaub in der Coronakrise: Was Arbeitgeber jetzt wissen sollten<\/strong><\/a><br \/>\n<a href=\"https:\/\/winheller.com\/blog\/corona-hilfsgelder-selbsternannte-unternehmensberater\/\" target=\"_blank\" rel=\"noopener\"><strong>Corona-Hilfsgelder locken selbsternannte Unternehmensberater an<\/strong><\/a><\/p>\n","protected":false},"excerpt":{"rendered":"<p>Verl\u00e4ngerung und Erh\u00f6hung des Kurzarbeitergeldes, Neue \u00dcberbr\u00fcckungshilfe II, Verl\u00e4ngerung der Lockerungen zur Insolvenzantragspflicht, Kinderkrankengeld und Pflegeunterst\u00fctzungsgeld, Grundsicherung WINHELLER unterst\u00fctzt Sie in der Krise Die Koalition hat in der Nacht zum 26.08.2020 ein umfangreiches Corona-Paket beschlossen, das betroffene Unternehmen in der Corona-Krise [&hellip;]<\/p>\n","protected":false},"author":3,"featured_media":9919,"comment_status":"open","ping_status":"open","sticky":false,"template":"","format":"standard","meta":{"_acf_changed":false,"om_disable_all_campaigns":false,"_monsterinsights_skip_tracking":false,"_monsterinsights_sitenote_active":false,"_monsterinsights_sitenote_note":"","_monsterinsights_sitenote_category":0,"footnotes":""},"categories":[19,60,15,70,23,2],"tags":[3408],"class_list":["post-12561","post","type-post","status-publish","format-standard","has-post-thumbnail","hentry","category-gesellschaftsrecht","category-ggmbh-recht","category-steuerrecht","category-verbandsrecht","category-vereinsrecht","category-wirtschaftsrecht","tag-coronavirus"],"acf":[],"aioseo_notices":[],"_links":{"self":[{"href":"https:\/\/winheller.com\/blog\/wp-json\/wp\/v2\/posts\/12561","targetHints":{"allow":["GET"]}}],"collection":[{"href":"https:\/\/winheller.com\/blog\/wp-json\/wp\/v2\/posts"}],"about":[{"href":"https:\/\/winheller.com\/blog\/wp-json\/wp\/v2\/types\/post"}],"author":[{"embeddable":true,"href":"https:\/\/winheller.com\/blog\/wp-json\/wp\/v2\/users\/3"}],"replies":[{"embeddable":true,"href":"https:\/\/winheller.com\/blog\/wp-json\/wp\/v2\/comments?post=12561"}],"version-history":[{"count":7,"href":"https:\/\/winheller.com\/blog\/wp-json\/wp\/v2\/posts\/12561\/revisions"}],"predecessor-version":[{"id":12569,"href":"https:\/\/winheller.com\/blog\/wp-json\/wp\/v2\/posts\/12561\/revisions\/12569"}],"wp:featuredmedia":[{"embeddable":true,"href":"https:\/\/winheller.com\/blog\/wp-json\/wp\/v2\/media\/9919"}],"wp:attachment":[{"href":"https:\/\/winheller.com\/blog\/wp-json\/wp\/v2\/media?parent=12561"}],"wp:term":[{"taxonomy":"category","embeddable":true,"href":"https:\/\/winheller.com\/blog\/wp-json\/wp\/v2\/categories?post=12561"},{"taxonomy":"post_tag","embeddable":true,"href":"https:\/\/winheller.com\/blog\/wp-json\/wp\/v2\/tags?post=12561"}],"curies":[{"name":"wp","href":"https:\/\/api.w.org\/{rel}","templated":true}]}}